{"id":729,"date":"2023-07-14T15:07:30","date_gmt":"2023-07-14T13:07:30","guid":{"rendered":"https:\/\/fidulago.ch\/?p=729"},"modified":"2024-03-12T14:32:58","modified_gmt":"2024-03-12T13:32:58","slug":"official-new-agreement-for-frontier-workers-italy","status":"publish","type":"post","link":"https:\/\/fidulago.ch\/en\/e-ora-ufficiale-il-nuovo-accordo-per-i-frontalieri-italia-svizzera-nella-gazzetta-ufficiale-la-legge-di-ratifica-del-nuovo-accordo-che-si-applichera-dal-2024\/","title":{"rendered":"Ufficiale Nuovo Accordo Lavoratori Frontalieri Italia \u2013 Svizzera, ora nella Gazzetta ufficiale"},"content":{"rendered":"<p>Il 30 Giugno 2023 \u00e8 stato pubblicato sulla Gazzetta ufficiale il nuovo disegno di legge e l&#8217;ufficialit\u00e0 \u00e8 arrivata il 1\u00b0 Luglio 2023.<\/p>\n<p>Il Nuovo Accordo Lavoratori Frontalieri Italia-Svizzera \u00e8 ora una realt\u00e0.<\/p>\n<p>L\u2019accordo \u00e8 entrato il vigore il 17 luglio 2023 e le nuove disposizioni saranno applicabili a partire dal 1\u00b0gennaio 2024.<\/p>\n<p>Therefore, those who entered the cross-border labor market after 17 July 2023 are considered new frontier workers.<\/p>\n<p><strong>Situation before 17 July 2023 of Italian frontier workers in Switzerland<\/strong><\/p>\n<p>All Italian frontier workers residing within 20 km of the border had their employment income taxed exclusively in Switzerland.<\/p>\n<p>While Italian frontier workers who reside more than 20 km from the border are taxed both in Switzerland and in Italy, with the right to an exemption of 7,500.00 euros and credit in Italy for taxes paid in Switzerland.<\/p>\n<p><strong>Current situation of Italian frontier workers in Switzerland with the law ratifying the new Agreement<\/strong><\/p>\n<p>With the entry into force of the law ratifying the new Agreement, the distinction between New Frontiers and Old Frontiers applies:<\/p>\n<ul>\n<li>\n<h3><strong>Old Frontiersmen<\/strong><\/h3>\n<\/li>\n<\/ul>\n<p>These are workers who, between 31 December 2018 and the date of entry into force of the new Agreement, carry out or have carried out work as an employee in Switzerland for a Swiss employer, for which the 1974 Agreement remains valid and the income of border is therefore only taxable in Switzerland.<\/p>\n<p>In particular, they are those who in the aforementioned reference period have or had the following characteristics:<\/p>\n<ul>\n<li>Tax residency in the border Municipalities<\/li>\n<li>Daily return between Italy and Switzerland<\/li>\n<li>Employer in Ticino, Grisons or Valais<\/li>\n<li>\n<h3><strong>New Frontiersmen<\/strong><\/h3>\n<\/li>\n<\/ul>\n<p>Sono le persone che entreranno nel mercato del lavoro svizzero in qualit\u00e0 di frontalieri a decorrere dalla data di entrata in vigore del Nuovo Accordo, ai quali verr\u00e0 applicata una tassazione concorrente. Ovvero in Svizzera verranno tassati con un\u2019imposta non eccedente l\u201980% delle imposte (comprese quelle locali) e in Italia dovranno dichiarare il reddito (franchigia di \u20ac 10.000,00), mentre le imposte pagate in Svizzera andranno in compensazione.<\/p>\n<p>Grazie all\u2019azione del sindacato sono state tuttavia inserite alcune agevolazioni che andranno ad abbassare l\u2019IRPEF italiana e a migliorare alcune prestazioni di natura sociale.<\/p>\n<p><strong>Out-of-boundary frontier workers<\/strong><\/p>\n<p>Frontier workers already operating in Switzerland but who do not have tax residence within 20 km of the border will continue to declare their income in Italy, but they too will be able to enjoy some better conditions obtained from the trade unions, including:<\/p>\n<ul>\n<li>Aumento della franchigia fiscale da 7.500,00 a 10.000,00 \u20ac<\/li>\n<li>Possibilit\u00e0 di dedurre dal reddito imponibile anche i contributi pagati per il prepensionamento<\/li>\n<li>Deducibilit\u00e0 degli assegni familiari svizzeri<\/li>\n<\/ul>\n<p><strong>The handbook<\/strong><\/p>\n<p>Nei prossimi giorni sar\u00e0 rilasciato dai Sindacati un documento completo di tutti i dettagli di ogni punto rivisto dal decreto, comprensivo delle risposte alle domande pi\u00f9 frequenti.<\/p>\n<p><strong>Switzerland soon out of the Italian black list<\/strong><\/p>\n<p>Tra le novit\u00e0 della nuova legge di ratifica c\u2019\u00e8 l\u2019appendice che riguarda l\u2019eliminazione della Svizzera dalla black list italiana. Questa importante modifica apporta benefici anche in tema di sanzioni per le violazioni di monitoraggio fiscale da parte dei residenti italiani. Il 20 aprile 2023 Svizzera e Italia hanno firmato un accordo per l\u2019eliminazione della Svizzera da paesi non collaborativi. Attualmente l\u2019iter \u00e8 in corso di svolgimento.<\/p>\n<p>To stay updated or receive more details, contact us by filling out the form or by calling the studio to make an appointment.<\/p>","protected":false},"excerpt":{"rendered":"<p>L&#8217;accordo fiscale Italia-Svizzera  relativo alla nuova fiscalit\u00e0 dei frontalieri \u00e8 ora una realt\u00e0. L\u2019accordo entrer\u00e0 in vigore dal 1\u00b0 Gennaio 2024, ma questa data non coincide con la data entro la quale essere considerati Vecchi Frontalieri (e quindi essere tassati solo dallo stato svizzero). <\/p>","protected":false},"author":2,"featured_media":730,"comment_status":"closed","ping_status":"closed","sticky":false,"template":"","format":"standard","meta":{"_acf_changed":false,"inline_featured_image":false,"footnotes":""},"categories":[1],"tags":[17,18],"class_list":["post-729","post","type-post","status-publish","format-standard","has-post-thumbnail","hentry","category-fiduciaria-lago","tag-accordofrontalieri","tag-lavoratorifrontalieri"],"acf":[],"yoast_head":"<!-- This site is optimized with the Yoast SEO plugin v27.4 - https:\/\/yoast.com\/product\/yoast-seo-wordpress\/ -->\n<title>Nuovo Accordo Lavoratori Frontalieri<\/title>\n<meta name=\"description\" content=\"Tutti i dettagli sul nuovo Accordo lavoratori frontalieri Italiani in Svizzera relativo alla nuova fiscalit\u00e0 dei frontalieri\" \/>\n<meta name=\"robots\" content=\"index, follow, max-snippet:-1, max-image-preview:large, max-video-preview:-1\" \/>\n<link rel=\"canonical\" href=\"https:\/\/fidulago.ch\/en\/official-new-agreement-for-frontier-workers-italy\/\" \/>\n<meta property=\"og:locale\" content=\"en_GB\" \/>\n<meta property=\"og:type\" content=\"article\" \/>\n<meta property=\"og:title\" content=\"Nuovo Accordo Lavoratori Frontalieri\" \/>\n<meta property=\"og:description\" content=\"Tutti i dettagli sul nuovo Accordo lavoratori frontalieri Italiani in Svizzera relativo alla nuova fiscalit\u00e0 dei frontalieri\" \/>\n<meta property=\"og:url\" content=\"https:\/\/fidulago.ch\/en\/official-new-agreement-for-frontier-workers-italy\/\" \/>\n<meta property=\"og:site_name\" content=\"Fiduciaria Lago\" \/>\n<meta property=\"article:published_time\" content=\"2023-07-14T13:07:30+00:00\" \/>\n<meta property=\"article:modified_time\" content=\"2024-03-12T13:32:58+00:00\" \/>\n<meta property=\"og:image\" content=\"https:\/\/fidulago.ch\/wp-content\/uploads\/2023\/07\/Accordo-Frontalieri-Italia-Svizzera.png\" \/>\n\t<meta property=\"og:image:width\" content=\"1500\" \/>\n\t<meta property=\"og:image:height\" content=\"430\" \/>\n\t<meta property=\"og:image:type\" content=\"image\/png\" \/>\n<meta name=\"author\" content=\"gloria\" \/>\n<meta name=\"twitter:card\" content=\"summary_large_image\" \/>\n<meta name=\"twitter:label1\" content=\"Written by\" \/>\n\t<meta name=\"twitter:data1\" content=\"gloria\" \/>\n\t<meta name=\"twitter:label2\" content=\"Estimated reading time\" \/>\n\t<meta name=\"twitter:data2\" content=\"4 minutes\" \/>\n<script type=\"application\/ld+json\" class=\"yoast-schema-graph\">{\"@context\":\"https:\\\/\\\/schema.org\",\"@graph\":[{\"@type\":\"Article\",\"@id\":\"https:\\\/\\\/fidulago.ch\\\/e-ora-ufficiale-il-nuovo-accordo-per-i-frontalieri-italia-svizzera-nella-gazzetta-ufficiale-la-legge-di-ratifica-del-nuovo-accordo-che-si-applichera-dal-2024\\\/#article\",\"isPartOf\":{\"@id\":\"https:\\\/\\\/fidulago.ch\\\/e-ora-ufficiale-il-nuovo-accordo-per-i-frontalieri-italia-svizzera-nella-gazzetta-ufficiale-la-legge-di-ratifica-del-nuovo-accordo-che-si-applichera-dal-2024\\\/\"},\"author\":{\"name\":\"gloria\",\"@id\":\"https:\\\/\\\/fidulago.ch\\\/#\\\/schema\\\/person\\\/934d31a04e95ca12578a0e487d8a226f\"},\"headline\":\"Ufficiale Nuovo Accordo Lavoratori Frontalieri Italia \u2013 Svizzera, ora nella Gazzetta ufficiale\",\"datePublished\":\"2023-07-14T13:07:30+00:00\",\"dateModified\":\"2024-03-12T13:32:58+00:00\",\"mainEntityOfPage\":{\"@id\":\"https:\\\/\\\/fidulago.ch\\\/e-ora-ufficiale-il-nuovo-accordo-per-i-frontalieri-italia-svizzera-nella-gazzetta-ufficiale-la-legge-di-ratifica-del-nuovo-accordo-che-si-applichera-dal-2024\\\/\"},\"wordCount\":551,\"publisher\":{\"@id\":\"https:\\\/\\\/fidulago.ch\\\/#organization\"},\"image\":{\"@id\":\"https:\\\/\\\/fidulago.ch\\\/e-ora-ufficiale-il-nuovo-accordo-per-i-frontalieri-italia-svizzera-nella-gazzetta-ufficiale-la-legge-di-ratifica-del-nuovo-accordo-che-si-applichera-dal-2024\\\/#primaryimage\"},\"thumbnailUrl\":\"https:\\\/\\\/fidulago.ch\\\/wp-content\\\/uploads\\\/2023\\\/07\\\/Accordo-Frontalieri-Italia-Svizzera.png\",\"keywords\":[\"#accordofrontalieri\",\"#lavoratorifrontalieri\"],\"articleSection\":[\"Fiduciaria Lago\"],\"inLanguage\":\"en-GB\"},{\"@type\":\"WebPage\",\"@id\":\"https:\\\/\\\/fidulago.ch\\\/e-ora-ufficiale-il-nuovo-accordo-per-i-frontalieri-italia-svizzera-nella-gazzetta-ufficiale-la-legge-di-ratifica-del-nuovo-accordo-che-si-applichera-dal-2024\\\/\",\"url\":\"https:\\\/\\\/fidulago.ch\\\/e-ora-ufficiale-il-nuovo-accordo-per-i-frontalieri-italia-svizzera-nella-gazzetta-ufficiale-la-legge-di-ratifica-del-nuovo-accordo-che-si-applichera-dal-2024\\\/\",\"name\":\"Nuovo Accordo Lavoratori Frontalieri\",\"isPartOf\":{\"@id\":\"https:\\\/\\\/fidulago.ch\\\/#website\"},\"primaryImageOfPage\":{\"@id\":\"https:\\\/\\\/fidulago.ch\\\/e-ora-ufficiale-il-nuovo-accordo-per-i-frontalieri-italia-svizzera-nella-gazzetta-ufficiale-la-legge-di-ratifica-del-nuovo-accordo-che-si-applichera-dal-2024\\\/#primaryimage\"},\"image\":{\"@id\":\"https:\\\/\\\/fidulago.ch\\\/e-ora-ufficiale-il-nuovo-accordo-per-i-frontalieri-italia-svizzera-nella-gazzetta-ufficiale-la-legge-di-ratifica-del-nuovo-accordo-che-si-applichera-dal-2024\\\/#primaryimage\"},\"thumbnailUrl\":\"https:\\\/\\\/fidulago.ch\\\/wp-content\\\/uploads\\\/2023\\\/07\\\/Accordo-Frontalieri-Italia-Svizzera.png\",\"datePublished\":\"2023-07-14T13:07:30+00:00\",\"dateModified\":\"2024-03-12T13:32:58+00:00\",\"description\":\"Tutti i dettagli sul nuovo Accordo lavoratori frontalieri Italiani in Svizzera relativo alla nuova fiscalit\u00e0 dei frontalieri\",\"breadcrumb\":{\"@id\":\"https:\\\/\\\/fidulago.ch\\\/e-ora-ufficiale-il-nuovo-accordo-per-i-frontalieri-italia-svizzera-nella-gazzetta-ufficiale-la-legge-di-ratifica-del-nuovo-accordo-che-si-applichera-dal-2024\\\/#breadcrumb\"},\"inLanguage\":\"en-GB\",\"potentialAction\":[{\"@type\":\"ReadAction\",\"target\":[\"https:\\\/\\\/fidulago.ch\\\/e-ora-ufficiale-il-nuovo-accordo-per-i-frontalieri-italia-svizzera-nella-gazzetta-ufficiale-la-legge-di-ratifica-del-nuovo-accordo-che-si-applichera-dal-2024\\\/\"]}]},{\"@type\":\"ImageObject\",\"inLanguage\":\"en-GB\",\"@id\":\"https:\\\/\\\/fidulago.ch\\\/e-ora-ufficiale-il-nuovo-accordo-per-i-frontalieri-italia-svizzera-nella-gazzetta-ufficiale-la-legge-di-ratifica-del-nuovo-accordo-che-si-applichera-dal-2024\\\/#primaryimage\",\"url\":\"https:\\\/\\\/fidulago.ch\\\/wp-content\\\/uploads\\\/2023\\\/07\\\/Accordo-Frontalieri-Italia-Svizzera.png\",\"contentUrl\":\"https:\\\/\\\/fidulago.ch\\\/wp-content\\\/uploads\\\/2023\\\/07\\\/Accordo-Frontalieri-Italia-Svizzera.png\",\"width\":1500,\"height\":430,\"caption\":\"Nuovo Accordo Lavoratori Frontalieri Italia -Svizzera\"},{\"@type\":\"BreadcrumbList\",\"@id\":\"https:\\\/\\\/fidulago.ch\\\/e-ora-ufficiale-il-nuovo-accordo-per-i-frontalieri-italia-svizzera-nella-gazzetta-ufficiale-la-legge-di-ratifica-del-nuovo-accordo-che-si-applichera-dal-2024\\\/#breadcrumb\",\"itemListElement\":[{\"@type\":\"ListItem\",\"position\":1,\"name\":\"Home\",\"item\":\"https:\\\/\\\/fidulago.ch\\\/\"},{\"@type\":\"ListItem\",\"position\":2,\"name\":\"Ufficiale Nuovo Accordo Lavoratori Frontalieri Italia \u2013 Svizzera, ora nella Gazzetta ufficiale\"}]},{\"@type\":\"WebSite\",\"@id\":\"https:\\\/\\\/fidulago.ch\\\/#website\",\"url\":\"https:\\\/\\\/fidulago.ch\\\/\",\"name\":\"Fiduciaria Lago\",\"description\":\"Servizi fiduciari per le piccole e medie imprese\",\"publisher\":{\"@id\":\"https:\\\/\\\/fidulago.ch\\\/#organization\"},\"potentialAction\":[{\"@type\":\"SearchAction\",\"target\":{\"@type\":\"EntryPoint\",\"urlTemplate\":\"https:\\\/\\\/fidulago.ch\\\/?s={search_term_string}\"},\"query-input\":{\"@type\":\"PropertyValueSpecification\",\"valueRequired\":true,\"valueName\":\"search_term_string\"}}],\"inLanguage\":\"en-GB\"},{\"@type\":\"Organization\",\"@id\":\"https:\\\/\\\/fidulago.ch\\\/#organization\",\"name\":\"Fiduciaria Lago\",\"url\":\"https:\\\/\\\/fidulago.ch\\\/\",\"logo\":{\"@type\":\"ImageObject\",\"inLanguage\":\"en-GB\",\"@id\":\"https:\\\/\\\/fidulago.ch\\\/#\\\/schema\\\/logo\\\/image\\\/\",\"url\":\"https:\\\/\\\/fidulago.ch\\\/wp-content\\\/uploads\\\/2022\\\/05\\\/00.LOGO_.png\",\"contentUrl\":\"https:\\\/\\\/fidulago.ch\\\/wp-content\\\/uploads\\\/2022\\\/05\\\/00.LOGO_.png\",\"width\":182,\"height\":40,\"caption\":\"Fiduciaria Lago\"},\"image\":{\"@id\":\"https:\\\/\\\/fidulago.ch\\\/#\\\/schema\\\/logo\\\/image\\\/\"}},{\"@type\":\"Person\",\"@id\":\"https:\\\/\\\/fidulago.ch\\\/#\\\/schema\\\/person\\\/934d31a04e95ca12578a0e487d8a226f\",\"name\":\"gloria\",\"image\":{\"@type\":\"ImageObject\",\"inLanguage\":\"en-GB\",\"@id\":\"https:\\\/\\\/secure.gravatar.com\\\/avatar\\\/639adaafdb52e6f17f13e5f7f0bbc15ffaeca42667d3bfc2e3836dd7942c56cf?s=96&d=mm&r=g\",\"url\":\"https:\\\/\\\/secure.gravatar.com\\\/avatar\\\/639adaafdb52e6f17f13e5f7f0bbc15ffaeca42667d3bfc2e3836dd7942c56cf?s=96&d=mm&r=g\",\"contentUrl\":\"https:\\\/\\\/secure.gravatar.com\\\/avatar\\\/639adaafdb52e6f17f13e5f7f0bbc15ffaeca42667d3bfc2e3836dd7942c56cf?s=96&d=mm&r=g\",\"caption\":\"gloria\"}}]}<\/script>\n<!-- \/ Yoast SEO plugin. -->","yoast_head_json":{"title":"Official New Agreement for Frontier Workers Italy","description":"Tutti i dettagli sul nuovo Accordo lavoratori frontalieri Italiani in Svizzera relativo alla nuova fiscalit\u00e0 dei frontalieri","robots":{"index":"index","follow":"follow","max-snippet":"max-snippet:-1","max-image-preview":"max-image-preview:large","max-video-preview":"max-video-preview:-1"},"canonical":"https:\/\/fidulago.ch\/en\/official-new-agreement-for-frontier-workers-italy\/","og_locale":"en_GB","og_type":"article","og_title":"Nuovo Accordo Lavoratori Frontalieri","og_description":"Tutti i dettagli sul nuovo Accordo lavoratori frontalieri Italiani in Svizzera relativo alla nuova fiscalit\u00e0 dei frontalieri","og_url":"https:\/\/fidulago.ch\/en\/official-new-agreement-for-frontier-workers-italy\/","og_site_name":"Fiduciaria Lago","article_published_time":"2023-07-14T13:07:30+00:00","article_modified_time":"2024-03-12T13:32:58+00:00","og_image":[{"width":1500,"height":430,"url":"https:\/\/fidulago.ch\/wp-content\/uploads\/2023\/07\/Accordo-Frontalieri-Italia-Svizzera.png","type":"image\/png"}],"author":"gloria","twitter_card":"summary_large_image","twitter_misc":{"Written by":"gloria","Estimated reading time":"4 minutes"},"schema":{"@context":"https:\/\/schema.org","@graph":[{"@type":"Article","@id":"https:\/\/fidulago.ch\/e-ora-ufficiale-il-nuovo-accordo-per-i-frontalieri-italia-svizzera-nella-gazzetta-ufficiale-la-legge-di-ratifica-del-nuovo-accordo-che-si-applichera-dal-2024\/#article","isPartOf":{"@id":"https:\/\/fidulago.ch\/e-ora-ufficiale-il-nuovo-accordo-per-i-frontalieri-italia-svizzera-nella-gazzetta-ufficiale-la-legge-di-ratifica-del-nuovo-accordo-che-si-applichera-dal-2024\/"},"author":{"name":"gloria","@id":"https:\/\/fidulago.ch\/#\/schema\/person\/934d31a04e95ca12578a0e487d8a226f"},"headline":"Ufficiale Nuovo Accordo Lavoratori Frontalieri Italia \u2013 Svizzera, ora nella Gazzetta ufficiale","datePublished":"2023-07-14T13:07:30+00:00","dateModified":"2024-03-12T13:32:58+00:00","mainEntityOfPage":{"@id":"https:\/\/fidulago.ch\/e-ora-ufficiale-il-nuovo-accordo-per-i-frontalieri-italia-svizzera-nella-gazzetta-ufficiale-la-legge-di-ratifica-del-nuovo-accordo-che-si-applichera-dal-2024\/"},"wordCount":551,"publisher":{"@id":"https:\/\/fidulago.ch\/#organization"},"image":{"@id":"https:\/\/fidulago.ch\/e-ora-ufficiale-il-nuovo-accordo-per-i-frontalieri-italia-svizzera-nella-gazzetta-ufficiale-la-legge-di-ratifica-del-nuovo-accordo-che-si-applichera-dal-2024\/#primaryimage"},"thumbnailUrl":"https:\/\/fidulago.ch\/wp-content\/uploads\/2023\/07\/Accordo-Frontalieri-Italia-Svizzera.png","keywords":["#accordofrontalieri","#lavoratorifrontalieri"],"articleSection":["Fiduciaria Lago"],"inLanguage":"en-GB"},{"@type":"WebPage","@id":"https:\/\/fidulago.ch\/e-ora-ufficiale-il-nuovo-accordo-per-i-frontalieri-italia-svizzera-nella-gazzetta-ufficiale-la-legge-di-ratifica-del-nuovo-accordo-che-si-applichera-dal-2024\/","url":"https:\/\/fidulago.ch\/e-ora-ufficiale-il-nuovo-accordo-per-i-frontalieri-italia-svizzera-nella-gazzetta-ufficiale-la-legge-di-ratifica-del-nuovo-accordo-che-si-applichera-dal-2024\/","name":"Official New Agreement for Frontier Workers Italy","isPartOf":{"@id":"https:\/\/fidulago.ch\/#website"},"primaryImageOfPage":{"@id":"https:\/\/fidulago.ch\/e-ora-ufficiale-il-nuovo-accordo-per-i-frontalieri-italia-svizzera-nella-gazzetta-ufficiale-la-legge-di-ratifica-del-nuovo-accordo-che-si-applichera-dal-2024\/#primaryimage"},"image":{"@id":"https:\/\/fidulago.ch\/e-ora-ufficiale-il-nuovo-accordo-per-i-frontalieri-italia-svizzera-nella-gazzetta-ufficiale-la-legge-di-ratifica-del-nuovo-accordo-che-si-applichera-dal-2024\/#primaryimage"},"thumbnailUrl":"https:\/\/fidulago.ch\/wp-content\/uploads\/2023\/07\/Accordo-Frontalieri-Italia-Svizzera.png","datePublished":"2023-07-14T13:07:30+00:00","dateModified":"2024-03-12T13:32:58+00:00","description":"Tutti i dettagli sul nuovo Accordo lavoratori frontalieri Italiani in Svizzera relativo alla nuova fiscalit\u00e0 dei frontalieri","breadcrumb":{"@id":"https:\/\/fidulago.ch\/e-ora-ufficiale-il-nuovo-accordo-per-i-frontalieri-italia-svizzera-nella-gazzetta-ufficiale-la-legge-di-ratifica-del-nuovo-accordo-che-si-applichera-dal-2024\/#breadcrumb"},"inLanguage":"en-GB","potentialAction":[{"@type":"ReadAction","target":["https:\/\/fidulago.ch\/e-ora-ufficiale-il-nuovo-accordo-per-i-frontalieri-italia-svizzera-nella-gazzetta-ufficiale-la-legge-di-ratifica-del-nuovo-accordo-che-si-applichera-dal-2024\/"]}]},{"@type":"ImageObject","inLanguage":"en-GB","@id":"https:\/\/fidulago.ch\/e-ora-ufficiale-il-nuovo-accordo-per-i-frontalieri-italia-svizzera-nella-gazzetta-ufficiale-la-legge-di-ratifica-del-nuovo-accordo-che-si-applichera-dal-2024\/#primaryimage","url":"https:\/\/fidulago.ch\/wp-content\/uploads\/2023\/07\/Accordo-Frontalieri-Italia-Svizzera.png","contentUrl":"https:\/\/fidulago.ch\/wp-content\/uploads\/2023\/07\/Accordo-Frontalieri-Italia-Svizzera.png","width":1500,"height":430,"caption":"Nuovo Accordo Lavoratori Frontalieri Italia -Svizzera"},{"@type":"BreadcrumbList","@id":"https:\/\/fidulago.ch\/e-ora-ufficiale-il-nuovo-accordo-per-i-frontalieri-italia-svizzera-nella-gazzetta-ufficiale-la-legge-di-ratifica-del-nuovo-accordo-che-si-applichera-dal-2024\/#breadcrumb","itemListElement":[{"@type":"ListItem","position":1,"name":"Home","item":"https:\/\/fidulago.ch\/"},{"@type":"ListItem","position":2,"name":"Ufficiale Nuovo Accordo Lavoratori Frontalieri Italia \u2013 Svizzera, ora nella Gazzetta ufficiale"}]},{"@type":"WebSite","@id":"https:\/\/fidulago.ch\/#website","url":"https:\/\/fidulago.ch\/","name":"Fiduciaria Lago","description":"Fiduciary services for businesses","publisher":{"@id":"https:\/\/fidulago.ch\/#organization"},"potentialAction":[{"@type":"SearchAction","target":{"@type":"EntryPoint","urlTemplate":"https:\/\/fidulago.ch\/?s={search_term_string}"},"query-input":{"@type":"PropertyValueSpecification","valueRequired":true,"valueName":"search_term_string"}}],"inLanguage":"en-GB"},{"@type":"Organization","@id":"https:\/\/fidulago.ch\/#organization","name":"Fiduciaria Lago","url":"https:\/\/fidulago.ch\/","logo":{"@type":"ImageObject","inLanguage":"en-GB","@id":"https:\/\/fidulago.ch\/#\/schema\/logo\/image\/","url":"https:\/\/fidulago.ch\/wp-content\/uploads\/2022\/05\/00.LOGO_.png","contentUrl":"https:\/\/fidulago.ch\/wp-content\/uploads\/2022\/05\/00.LOGO_.png","width":182,"height":40,"caption":"Fiduciaria Lago"},"image":{"@id":"https:\/\/fidulago.ch\/#\/schema\/logo\/image\/"}},{"@type":"Person","@id":"https:\/\/fidulago.ch\/#\/schema\/person\/934d31a04e95ca12578a0e487d8a226f","name":"gloria","image":{"@type":"ImageObject","inLanguage":"en-GB","@id":"https:\/\/secure.gravatar.com\/avatar\/639adaafdb52e6f17f13e5f7f0bbc15ffaeca42667d3bfc2e3836dd7942c56cf?s=96&d=mm&r=g","url":"https:\/\/secure.gravatar.com\/avatar\/639adaafdb52e6f17f13e5f7f0bbc15ffaeca42667d3bfc2e3836dd7942c56cf?s=96&d=mm&r=g","contentUrl":"https:\/\/secure.gravatar.com\/avatar\/639adaafdb52e6f17f13e5f7f0bbc15ffaeca42667d3bfc2e3836dd7942c56cf?s=96&d=mm&r=g","caption":"gloria"}}]}},"_links":{"self":[{"href":"https:\/\/fidulago.ch\/en\/wp-json\/wp\/v2\/posts\/729","targetHints":{"allow":["GET"]}}],"collection":[{"href":"https:\/\/fidulago.ch\/en\/wp-json\/wp\/v2\/posts"}],"about":[{"href":"https:\/\/fidulago.ch\/en\/wp-json\/wp\/v2\/types\/post"}],"author":[{"embeddable":true,"href":"https:\/\/fidulago.ch\/en\/wp-json\/wp\/v2\/users\/2"}],"replies":[{"embeddable":true,"href":"https:\/\/fidulago.ch\/en\/wp-json\/wp\/v2\/comments?post=729"}],"version-history":[{"count":6,"href":"https:\/\/fidulago.ch\/en\/wp-json\/wp\/v2\/posts\/729\/revisions"}],"predecessor-version":[{"id":858,"href":"https:\/\/fidulago.ch\/en\/wp-json\/wp\/v2\/posts\/729\/revisions\/858"}],"wp:featuredmedia":[{"embeddable":true,"href":"https:\/\/fidulago.ch\/en\/wp-json\/wp\/v2\/media\/730"}],"wp:attachment":[{"href":"https:\/\/fidulago.ch\/en\/wp-json\/wp\/v2\/media?parent=729"}],"wp:term":[{"taxonomy":"category","embeddable":true,"href":"https:\/\/fidulago.ch\/en\/wp-json\/wp\/v2\/categories?post=729"},{"taxonomy":"post_tag","embeddable":true,"href":"https:\/\/fidulago.ch\/en\/wp-json\/wp\/v2\/tags?post=729"}],"curies":[{"name":"wp","href":"https:\/\/api.w.org\/{rel}","templated":true}]}}