{"id":360,"date":"2022-06-07T17:31:08","date_gmt":"2022-06-07T15:31:08","guid":{"rendered":"https:\/\/fidulago.ch\/?p=360"},"modified":"2023-08-21T14:37:22","modified_gmt":"2023-08-21T12:37:22","slug":"towards-the-25-years-of-activity-and-the-new-headquarters-in-mendrisio","status":"publish","type":"post","link":"https:\/\/fidulago.ch\/en\/verso-i-25-anni-di-attivita-e-la-nuova-sede-a-mendrisio\/","title":{"rendered":"Verso i 25 anni di attivit\u00e0 e la nuova sede a Mendrisio"},"content":{"rendered":"<p>Fiduciaria Lago ha recentemente inaugurato i nuovi uffici, diventando ufficialmente uno studio fiduciario a Mendrisio. Lo studio \u00e8 stato fondato nel 1998 da Giovanni Bernaschina, che \u00e8 tutt\u2019ora socio e titolare dell\u2019azienda.\u00a0<\/p>\r\n\r\n\r\n\r\n<p>In questi primi 20 anni, ormai quasi 25, la societ\u00e0 \u00e8 cresciuta e da quest\u2019anno ha aperto la propria sede operativa a Mendrisio, lasciando la sede storica di Riva San Vitale come sede legale e di rappresentanza.<\/p>\r\n\r\n\r\n\r\n<p>The firm has always catered to both businesses and individuals, dealing\u00a0 with the management of services such as accounting, tax issues, salary aspects and any other service related to business management.<\/p>\r\n<p>While for private citizens, he mainly deals with tax returns,\u00a0tax consultancy and relocation services.<\/p>\r\n\r\n\r\n\r\n<figure class=\"wp-block-image size-large\"><img loading=\"lazy\" decoding=\"async\" class=\"alignnone wp-image-361\" src=\"https:\/\/fidulago.ch\/wp-content\/uploads\/2022\/06\/Mendrisio-1024x299.png\" alt=\"Studio Fiduciario a Mendrisio\" width=\"1024\" height=\"299\" srcset=\"https:\/\/fidulago.ch\/wp-content\/uploads\/2022\/06\/Mendrisio-1024x299.png 1024w, https:\/\/fidulago.ch\/wp-content\/uploads\/2022\/06\/Mendrisio-300x88.png 300w, https:\/\/fidulago.ch\/wp-content\/uploads\/2022\/06\/Mendrisio-768x224.png 768w, https:\/\/fidulago.ch\/wp-content\/uploads\/2022\/06\/Mendrisio.png 1300w\" sizes=\"auto, (max-width: 1024px) 100vw, 1024px\" \/><\/figure>\r\n\r\n\r\n\r\n<p>Nel corso di questi ultimi 25 anni il mondo delle fiduciarie \u00e8 sostanzialmente cambiato e si rivolge soprattutto ad attivit\u00e0 locali con sede in Ticino. Gli aspetti burocratici e amministrativi sono diventati pi\u00f9 complessi ed \u00e8 compito dei fiduciari commercialisti intervenire per semplificare le operazioni e agevolare il lavoro dei nostri clienti.<\/p>\r\n\r\n\r\n\r\n<p>In turn, digitization has changed the way we work and interface with institutions and professionals, which is why Fiduciaria Lago has adapted to new technologies by making use of digital security services, using suitable tools and turning, where necessary, to the advice of professionals from sector.\u00a0<\/p>\r\n\r\n\r\n\r\n<p>The firm also pays particular attention to the continuous training of its personnel and to collaboration in partnership with external professionals, in order to always be able to offer quality services and specialized consultancy.<\/p>\r\n\r\n\r\n\r\n<p><a href=\"https:\/\/fidulago.ch\/en\/\">Fiduciaria Lago<\/a> opens the new offices in Mendrisio and prepares for the near milestone of 25 years, with an eye towards the future, but with the same professional and human approach that paved the way for the goals it celebrates today.<\/p>","protected":false},"excerpt":{"rendered":"<p>Fiduciaria Lago ha recentemente inaugurato i nuovi uffici, diventando ufficialmente uno studio fiduciario a Mendrisio. Lo studio \u00e8 stato fondato nel 1998 da Giovanni Bernaschina, che \u00e8 tutt\u2019ora socio e titolare dell\u2019azienda.\u00a0 In questi primi 20 anni, ormai quasi 25, la societ\u00e0 \u00e8 cresciuta e da quest\u2019anno ha aperto la propria sede operativa a Mendrisio, [&hellip;]<\/p>\n","protected":false},"author":2,"featured_media":364,"comment_status":"open","ping_status":"closed","sticky":false,"template":"","format":"standard","meta":{"_acf_changed":false,"inline_featured_image":false,"footnotes":""},"categories":[1],"tags":[],"class_list":["post-360","post","type-post","status-publish","format-standard","has-post-thumbnail","hentry","category-fiduciaria-lago"],"acf":[],"yoast_head":"<!-- This site is optimized with the Yoast SEO plugin v27.4 - https:\/\/yoast.com\/product\/yoast-seo-wordpress\/ -->\n<title>Studio Fiduciario a Mendrisio - Fiduciaria Lago<\/title>\n<meta name=\"description\" content=\"Fiduciaria Lago festeggia i 25 anni, inaugura i nuovi uffici e diventa ufficialmente uno studio Fiduciario a Mendrisio\" \/>\n<meta name=\"robots\" content=\"index, follow, max-snippet:-1, max-image-preview:large, max-video-preview:-1\" \/>\n<link rel=\"canonical\" href=\"https:\/\/fidulago.ch\/en\/towards-the-25-years-of-activity-and-the-new-headquarters-in-mendrisio\/\" \/>\n<meta property=\"og:locale\" content=\"en_GB\" \/>\n<meta property=\"og:type\" content=\"article\" \/>\n<meta property=\"og:title\" content=\"Studio Fiduciario a Mendrisio - Fiduciaria Lago\" \/>\n<meta property=\"og:description\" content=\"Fiduciaria Lago festeggia i 25 anni, inaugura i nuovi uffici e diventa ufficialmente uno studio Fiduciario a Mendrisio\" \/>\n<meta property=\"og:url\" content=\"https:\/\/fidulago.ch\/en\/towards-the-25-years-of-activity-and-the-new-headquarters-in-mendrisio\/\" \/>\n<meta property=\"og:site_name\" content=\"Fiduciaria Lago\" \/>\n<meta property=\"article:published_time\" content=\"2022-06-07T15:31:08+00:00\" \/>\n<meta property=\"article:modified_time\" content=\"2023-08-21T12:37:22+00:00\" \/>\n<meta property=\"og:image\" content=\"https:\/\/fidulago.ch\/wp-content\/uploads\/2022\/06\/consulente-fiscale.png\" \/>\n\t<meta property=\"og:image:width\" content=\"1500\" \/>\n\t<meta property=\"og:image:height\" content=\"430\" \/>\n\t<meta property=\"og:image:type\" content=\"image\/png\" \/>\n<meta name=\"author\" content=\"gloria\" \/>\n<meta name=\"twitter:card\" content=\"summary_large_image\" \/>\n<meta name=\"twitter:label1\" content=\"Written by\" \/>\n\t<meta name=\"twitter:data1\" content=\"gloria\" \/>\n\t<meta name=\"twitter:label2\" content=\"Estimated reading time\" \/>\n\t<meta name=\"twitter:data2\" content=\"2 minutes\" \/>\n<script type=\"application\/ld+json\" class=\"yoast-schema-graph\">{\"@context\":\"https:\\\/\\\/schema.org\",\"@graph\":[{\"@type\":\"Article\",\"@id\":\"https:\\\/\\\/fidulago.ch\\\/verso-i-25-anni-di-attivita-e-la-nuova-sede-a-mendrisio\\\/#article\",\"isPartOf\":{\"@id\":\"https:\\\/\\\/fidulago.ch\\\/verso-i-25-anni-di-attivita-e-la-nuova-sede-a-mendrisio\\\/\"},\"author\":{\"name\":\"gloria\",\"@id\":\"https:\\\/\\\/fidulago.ch\\\/#\\\/schema\\\/person\\\/934d31a04e95ca12578a0e487d8a226f\"},\"headline\":\"Verso i 25 anni di attivit\u00e0 e la nuova sede a Mendrisio\",\"datePublished\":\"2022-06-07T15:31:08+00:00\",\"dateModified\":\"2023-08-21T12:37:22+00:00\",\"mainEntityOfPage\":{\"@id\":\"https:\\\/\\\/fidulago.ch\\\/verso-i-25-anni-di-attivita-e-la-nuova-sede-a-mendrisio\\\/\"},\"wordCount\":301,\"commentCount\":0,\"publisher\":{\"@id\":\"https:\\\/\\\/fidulago.ch\\\/#organization\"},\"image\":{\"@id\":\"https:\\\/\\\/fidulago.ch\\\/verso-i-25-anni-di-attivita-e-la-nuova-sede-a-mendrisio\\\/#primaryimage\"},\"thumbnailUrl\":\"https:\\\/\\\/fidulago.ch\\\/wp-content\\\/uploads\\\/2022\\\/06\\\/consulente-fiscale.png\",\"articleSection\":[\"Fiduciaria Lago\"],\"inLanguage\":\"en-GB\",\"potentialAction\":[{\"@type\":\"CommentAction\",\"name\":\"Comment\",\"target\":[\"https:\\\/\\\/fidulago.ch\\\/verso-i-25-anni-di-attivita-e-la-nuova-sede-a-mendrisio\\\/#respond\"]}]},{\"@type\":\"WebPage\",\"@id\":\"https:\\\/\\\/fidulago.ch\\\/verso-i-25-anni-di-attivita-e-la-nuova-sede-a-mendrisio\\\/\",\"url\":\"https:\\\/\\\/fidulago.ch\\\/verso-i-25-anni-di-attivita-e-la-nuova-sede-a-mendrisio\\\/\",\"name\":\"Studio Fiduciario a Mendrisio - Fiduciaria Lago\",\"isPartOf\":{\"@id\":\"https:\\\/\\\/fidulago.ch\\\/#website\"},\"primaryImageOfPage\":{\"@id\":\"https:\\\/\\\/fidulago.ch\\\/verso-i-25-anni-di-attivita-e-la-nuova-sede-a-mendrisio\\\/#primaryimage\"},\"image\":{\"@id\":\"https:\\\/\\\/fidulago.ch\\\/verso-i-25-anni-di-attivita-e-la-nuova-sede-a-mendrisio\\\/#primaryimage\"},\"thumbnailUrl\":\"https:\\\/\\\/fidulago.ch\\\/wp-content\\\/uploads\\\/2022\\\/06\\\/consulente-fiscale.png\",\"datePublished\":\"2022-06-07T15:31:08+00:00\",\"dateModified\":\"2023-08-21T12:37:22+00:00\",\"description\":\"Fiduciaria Lago festeggia i 25 anni, inaugura i nuovi uffici e diventa ufficialmente uno studio Fiduciario a Mendrisio\",\"breadcrumb\":{\"@id\":\"https:\\\/\\\/fidulago.ch\\\/verso-i-25-anni-di-attivita-e-la-nuova-sede-a-mendrisio\\\/#breadcrumb\"},\"inLanguage\":\"en-GB\",\"potentialAction\":[{\"@type\":\"ReadAction\",\"target\":[\"https:\\\/\\\/fidulago.ch\\\/verso-i-25-anni-di-attivita-e-la-nuova-sede-a-mendrisio\\\/\"]}]},{\"@type\":\"ImageObject\",\"inLanguage\":\"en-GB\",\"@id\":\"https:\\\/\\\/fidulago.ch\\\/verso-i-25-anni-di-attivita-e-la-nuova-sede-a-mendrisio\\\/#primaryimage\",\"url\":\"https:\\\/\\\/fidulago.ch\\\/wp-content\\\/uploads\\\/2022\\\/06\\\/consulente-fiscale.png\",\"contentUrl\":\"https:\\\/\\\/fidulago.ch\\\/wp-content\\\/uploads\\\/2022\\\/06\\\/consulente-fiscale.png\",\"width\":1500,\"height\":430,\"caption\":\"consulente fiscale\"},{\"@type\":\"BreadcrumbList\",\"@id\":\"https:\\\/\\\/fidulago.ch\\\/verso-i-25-anni-di-attivita-e-la-nuova-sede-a-mendrisio\\\/#breadcrumb\",\"itemListElement\":[{\"@type\":\"ListItem\",\"position\":1,\"name\":\"Home\",\"item\":\"https:\\\/\\\/fidulago.ch\\\/\"},{\"@type\":\"ListItem\",\"position\":2,\"name\":\"Verso i 25 anni di attivit\u00e0 e la nuova sede a Mendrisio\"}]},{\"@type\":\"WebSite\",\"@id\":\"https:\\\/\\\/fidulago.ch\\\/#website\",\"url\":\"https:\\\/\\\/fidulago.ch\\\/\",\"name\":\"Fiduciaria Lago\",\"description\":\"Servizi fiduciari per le piccole e medie imprese\",\"publisher\":{\"@id\":\"https:\\\/\\\/fidulago.ch\\\/#organization\"},\"potentialAction\":[{\"@type\":\"SearchAction\",\"target\":{\"@type\":\"EntryPoint\",\"urlTemplate\":\"https:\\\/\\\/fidulago.ch\\\/?s={search_term_string}\"},\"query-input\":{\"@type\":\"PropertyValueSpecification\",\"valueRequired\":true,\"valueName\":\"search_term_string\"}}],\"inLanguage\":\"en-GB\"},{\"@type\":\"Organization\",\"@id\":\"https:\\\/\\\/fidulago.ch\\\/#organization\",\"name\":\"Fiduciaria Lago\",\"url\":\"https:\\\/\\\/fidulago.ch\\\/\",\"logo\":{\"@type\":\"ImageObject\",\"inLanguage\":\"en-GB\",\"@id\":\"https:\\\/\\\/fidulago.ch\\\/#\\\/schema\\\/logo\\\/image\\\/\",\"url\":\"https:\\\/\\\/fidulago.ch\\\/wp-content\\\/uploads\\\/2022\\\/05\\\/00.LOGO_.png\",\"contentUrl\":\"https:\\\/\\\/fidulago.ch\\\/wp-content\\\/uploads\\\/2022\\\/05\\\/00.LOGO_.png\",\"width\":182,\"height\":40,\"caption\":\"Fiduciaria Lago\"},\"image\":{\"@id\":\"https:\\\/\\\/fidulago.ch\\\/#\\\/schema\\\/logo\\\/image\\\/\"}},{\"@type\":\"Person\",\"@id\":\"https:\\\/\\\/fidulago.ch\\\/#\\\/schema\\\/person\\\/934d31a04e95ca12578a0e487d8a226f\",\"name\":\"gloria\",\"image\":{\"@type\":\"ImageObject\",\"inLanguage\":\"en-GB\",\"@id\":\"https:\\\/\\\/secure.gravatar.com\\\/avatar\\\/639adaafdb52e6f17f13e5f7f0bbc15ffaeca42667d3bfc2e3836dd7942c56cf?s=96&d=mm&r=g\",\"url\":\"https:\\\/\\\/secure.gravatar.com\\\/avatar\\\/639adaafdb52e6f17f13e5f7f0bbc15ffaeca42667d3bfc2e3836dd7942c56cf?s=96&d=mm&r=g\",\"contentUrl\":\"https:\\\/\\\/secure.gravatar.com\\\/avatar\\\/639adaafdb52e6f17f13e5f7f0bbc15ffaeca42667d3bfc2e3836dd7942c56cf?s=96&d=mm&r=g\",\"caption\":\"gloria\"}}]}<\/script>\n<!-- \/ Yoast SEO plugin. -->","yoast_head_json":{"title":"Towards 25 years of activity and the new headquarters in Mendrisio","description":"Fiduciaria Lago celebrates its 25th anniversary, inaugurates new offices and officially becomes a trust firm in Mendrisio","robots":{"index":"index","follow":"follow","max-snippet":"max-snippet:-1","max-image-preview":"max-image-preview:large","max-video-preview":"max-video-preview:-1"},"canonical":"https:\/\/fidulago.ch\/en\/towards-the-25-years-of-activity-and-the-new-headquarters-in-mendrisio\/","og_locale":"en_GB","og_type":"article","og_title":"Studio Fiduciario a Mendrisio - Fiduciaria Lago","og_description":"Fiduciaria Lago festeggia i 25 anni, inaugura i nuovi uffici e diventa ufficialmente uno studio Fiduciario a Mendrisio","og_url":"https:\/\/fidulago.ch\/en\/towards-the-25-years-of-activity-and-the-new-headquarters-in-mendrisio\/","og_site_name":"Fiduciaria Lago","article_published_time":"2022-06-07T15:31:08+00:00","article_modified_time":"2023-08-21T12:37:22+00:00","og_image":[{"width":1500,"height":430,"url":"https:\/\/fidulago.ch\/wp-content\/uploads\/2022\/06\/consulente-fiscale.png","type":"image\/png"}],"author":"gloria","twitter_card":"summary_large_image","twitter_misc":{"Written by":"gloria","Estimated reading time":"2 minutes"},"schema":{"@context":"https:\/\/schema.org","@graph":[{"@type":"Article","@id":"https:\/\/fidulago.ch\/verso-i-25-anni-di-attivita-e-la-nuova-sede-a-mendrisio\/#article","isPartOf":{"@id":"https:\/\/fidulago.ch\/verso-i-25-anni-di-attivita-e-la-nuova-sede-a-mendrisio\/"},"author":{"name":"gloria","@id":"https:\/\/fidulago.ch\/#\/schema\/person\/934d31a04e95ca12578a0e487d8a226f"},"headline":"Verso i 25 anni di attivit\u00e0 e la nuova sede a Mendrisio","datePublished":"2022-06-07T15:31:08+00:00","dateModified":"2023-08-21T12:37:22+00:00","mainEntityOfPage":{"@id":"https:\/\/fidulago.ch\/verso-i-25-anni-di-attivita-e-la-nuova-sede-a-mendrisio\/"},"wordCount":301,"commentCount":0,"publisher":{"@id":"https:\/\/fidulago.ch\/#organization"},"image":{"@id":"https:\/\/fidulago.ch\/verso-i-25-anni-di-attivita-e-la-nuova-sede-a-mendrisio\/#primaryimage"},"thumbnailUrl":"https:\/\/fidulago.ch\/wp-content\/uploads\/2022\/06\/consulente-fiscale.png","articleSection":["Fiduciaria Lago"],"inLanguage":"en-GB","potentialAction":[{"@type":"CommentAction","name":"Comment","target":["https:\/\/fidulago.ch\/verso-i-25-anni-di-attivita-e-la-nuova-sede-a-mendrisio\/#respond"]}]},{"@type":"WebPage","@id":"https:\/\/fidulago.ch\/verso-i-25-anni-di-attivita-e-la-nuova-sede-a-mendrisio\/","url":"https:\/\/fidulago.ch\/verso-i-25-anni-di-attivita-e-la-nuova-sede-a-mendrisio\/","name":"Towards 25 years of activity and the new headquarters in Mendrisio","isPartOf":{"@id":"https:\/\/fidulago.ch\/#website"},"primaryImageOfPage":{"@id":"https:\/\/fidulago.ch\/verso-i-25-anni-di-attivita-e-la-nuova-sede-a-mendrisio\/#primaryimage"},"image":{"@id":"https:\/\/fidulago.ch\/verso-i-25-anni-di-attivita-e-la-nuova-sede-a-mendrisio\/#primaryimage"},"thumbnailUrl":"https:\/\/fidulago.ch\/wp-content\/uploads\/2022\/06\/consulente-fiscale.png","datePublished":"2022-06-07T15:31:08+00:00","dateModified":"2023-08-21T12:37:22+00:00","description":"Fiduciaria Lago celebrates its 25th anniversary, inaugurates new offices and officially becomes a trust firm in Mendrisio","breadcrumb":{"@id":"https:\/\/fidulago.ch\/verso-i-25-anni-di-attivita-e-la-nuova-sede-a-mendrisio\/#breadcrumb"},"inLanguage":"en-GB","potentialAction":[{"@type":"ReadAction","target":["https:\/\/fidulago.ch\/verso-i-25-anni-di-attivita-e-la-nuova-sede-a-mendrisio\/"]}]},{"@type":"ImageObject","inLanguage":"en-GB","@id":"https:\/\/fidulago.ch\/verso-i-25-anni-di-attivita-e-la-nuova-sede-a-mendrisio\/#primaryimage","url":"https:\/\/fidulago.ch\/wp-content\/uploads\/2022\/06\/consulente-fiscale.png","contentUrl":"https:\/\/fidulago.ch\/wp-content\/uploads\/2022\/06\/consulente-fiscale.png","width":1500,"height":430,"caption":"consulente fiscale"},{"@type":"BreadcrumbList","@id":"https:\/\/fidulago.ch\/verso-i-25-anni-di-attivita-e-la-nuova-sede-a-mendrisio\/#breadcrumb","itemListElement":[{"@type":"ListItem","position":1,"name":"Home","item":"https:\/\/fidulago.ch\/"},{"@type":"ListItem","position":2,"name":"Verso i 25 anni di attivit\u00e0 e la nuova sede a Mendrisio"}]},{"@type":"WebSite","@id":"https:\/\/fidulago.ch\/#website","url":"https:\/\/fidulago.ch\/","name":"Fiduciaria Lago","description":"Fiduciary services for businesses","publisher":{"@id":"https:\/\/fidulago.ch\/#organization"},"potentialAction":[{"@type":"SearchAction","target":{"@type":"EntryPoint","urlTemplate":"https:\/\/fidulago.ch\/?s={search_term_string}"},"query-input":{"@type":"PropertyValueSpecification","valueRequired":true,"valueName":"search_term_string"}}],"inLanguage":"en-GB"},{"@type":"Organization","@id":"https:\/\/fidulago.ch\/#organization","name":"Fiduciaria Lago","url":"https:\/\/fidulago.ch\/","logo":{"@type":"ImageObject","inLanguage":"en-GB","@id":"https:\/\/fidulago.ch\/#\/schema\/logo\/image\/","url":"https:\/\/fidulago.ch\/wp-content\/uploads\/2022\/05\/00.LOGO_.png","contentUrl":"https:\/\/fidulago.ch\/wp-content\/uploads\/2022\/05\/00.LOGO_.png","width":182,"height":40,"caption":"Fiduciaria Lago"},"image":{"@id":"https:\/\/fidulago.ch\/#\/schema\/logo\/image\/"}},{"@type":"Person","@id":"https:\/\/fidulago.ch\/#\/schema\/person\/934d31a04e95ca12578a0e487d8a226f","name":"gloria","image":{"@type":"ImageObject","inLanguage":"en-GB","@id":"https:\/\/secure.gravatar.com\/avatar\/639adaafdb52e6f17f13e5f7f0bbc15ffaeca42667d3bfc2e3836dd7942c56cf?s=96&d=mm&r=g","url":"https:\/\/secure.gravatar.com\/avatar\/639adaafdb52e6f17f13e5f7f0bbc15ffaeca42667d3bfc2e3836dd7942c56cf?s=96&d=mm&r=g","contentUrl":"https:\/\/secure.gravatar.com\/avatar\/639adaafdb52e6f17f13e5f7f0bbc15ffaeca42667d3bfc2e3836dd7942c56cf?s=96&d=mm&r=g","caption":"gloria"}}]}},"_links":{"self":[{"href":"https:\/\/fidulago.ch\/en\/wp-json\/wp\/v2\/posts\/360","targetHints":{"allow":["GET"]}}],"collection":[{"href":"https:\/\/fidulago.ch\/en\/wp-json\/wp\/v2\/posts"}],"about":[{"href":"https:\/\/fidulago.ch\/en\/wp-json\/wp\/v2\/types\/post"}],"author":[{"embeddable":true,"href":"https:\/\/fidulago.ch\/en\/wp-json\/wp\/v2\/users\/2"}],"replies":[{"embeddable":true,"href":"https:\/\/fidulago.ch\/en\/wp-json\/wp\/v2\/comments?post=360"}],"version-history":[{"count":5,"href":"https:\/\/fidulago.ch\/en\/wp-json\/wp\/v2\/posts\/360\/revisions"}],"predecessor-version":[{"id":762,"href":"https:\/\/fidulago.ch\/en\/wp-json\/wp\/v2\/posts\/360\/revisions\/762"}],"wp:featuredmedia":[{"embeddable":true,"href":"https:\/\/fidulago.ch\/en\/wp-json\/wp\/v2\/media\/364"}],"wp:attachment":[{"href":"https:\/\/fidulago.ch\/en\/wp-json\/wp\/v2\/media?parent=360"}],"wp:term":[{"taxonomy":"category","embeddable":true,"href":"https:\/\/fidulago.ch\/en\/wp-json\/wp\/v2\/categories?post=360"},{"taxonomy":"post_tag","embeddable":true,"href":"https:\/\/fidulago.ch\/en\/wp-json\/wp\/v2\/tags?post=360"}],"curies":[{"name":"wp","href":"https:\/\/api.w.org\/{rel}","templated":true}]}}